{"id":13895,"date":"2021-10-05T10:47:27","date_gmt":"2021-10-05T08:47:27","guid":{"rendered":"https:\/\/agenturimb.com\/?p=13895"},"modified":"2022-09-28T09:55:22","modified_gmt":"2022-09-28T07:55:22","slug":"alemania-en-invierno","status":"publish","type":"post","link":"https:\/\/agenturimb.com\/es\/alemania-en-invierno\/","title":{"rendered":"Alemania en invierno"},"content":{"rendered":"<p>A todos aquellos que est\u00e1is planificando un viaje a Alemania para este invierno, os quiero dejar un mensaje.<\/p>\n<p>Ya hemos hablado durante las charlas de preparaci\u00f3n sobre las diferencias culturales y el objetivo de los intercambios. Adicionalmente, debemos a\u00f1adir un punto muy importante, sobre todo porque la gran mayor\u00eda de vosotros ven\u00eds de Iberoamerica o Espa\u00f1a, donde la diferencia de temperatura y sobre todo las horas diarias de luz solar, son tan notorias.<\/p>\n<p>Por eso os recomiendo que, veng\u00e1is mentalizados que como dicen los alemanes: \u00bb No hay mal tiempo, s\u00f3lo mala ropa\u00bb. Traed buenos abrigos o comprad uno bueno aqu\u00ed, que en enero ya hay rebajas, Tambi\u00e9n os recomiendo que habl\u00e9is con vuestro m\u00e9dico de familia en el pa\u00eds de origen, por si cree necesario una recetaros Vitamina D para esos primeros meses de invierno.<\/p>\n<p>Un saludo muy cordial y nos vemos en enero!!<\/p>\n<p>Inma Mateos<\/p>\n","protected":false},"excerpt":{"rendered":"<p>A todos aquellos que est\u00e1is planificando un viaje a Alemania para este invierno,  [&#8230;]<\/p>\n","protected":false},"author":3,"featured_media":13865,"comment_status":"closed","ping_status":"open","sticky":false,"template":"","format":"standard","meta":{"_acf_changed":false,"_glsr_average":0,"_glsr_ranking":0,"_glsr_reviews":0,"footnotes":""},"categories":[1],"tags":[],"class_list":["post-13895","post","type-post","status-publish","format-standard","has-post-thumbnail","hentry","category-sin-categorizar"],"acf":[],"_links":{"self":[{"href":"https:\/\/agenturimb.com\/es\/wp-json\/wp\/v2\/posts\/13895","targetHints":{"allow":["GET"]}}],"collection":[{"href":"https:\/\/agenturimb.com\/es\/wp-json\/wp\/v2\/posts"}],"about":[{"href":"https:\/\/agenturimb.com\/es\/wp-json\/wp\/v2\/types\/post"}],"author":[{"embeddable":true,"href":"https:\/\/agenturimb.com\/es\/wp-json\/wp\/v2\/users\/3"}],"replies":[{"embeddable":true,"href":"https:\/\/agenturimb.com\/es\/wp-json\/wp\/v2\/comments?post=13895"}],"version-history":[{"count":1,"href":"https:\/\/agenturimb.com\/es\/wp-json\/wp\/v2\/posts\/13895\/revisions"}],"predecessor-version":[{"id":13896,"href":"https:\/\/agenturimb.com\/es\/wp-json\/wp\/v2\/posts\/13895\/revisions\/13896"}],"wp:featuredmedia":[{"embeddable":true,"href":"https:\/\/agenturimb.com\/es\/wp-json\/wp\/v2\/media\/13865"}],"wp:attachment":[{"href":"https:\/\/agenturimb.com\/es\/wp-json\/wp\/v2\/media?parent=13895"}],"wp:term":[{"taxonomy":"category","embeddable":true,"href":"https:\/\/agenturimb.com\/es\/wp-json\/wp\/v2\/categories?post=13895"},{"taxonomy":"post_tag","embeddable":true,"href":"https:\/\/agenturimb.com\/es\/wp-json\/wp\/v2\/tags?post=13895"}],"curies":[{"name":"wp","href":"https:\/\/api.w.org\/{rel}","templated":true}]}}